{"id":703,"date":"2026-09-05T18:05:04","date_gmt":"2026-09-05T16:05:04","guid":{"rendered":"https:\/\/naturjalles.org\/?p=703"},"modified":"2026-09-05T18:05:05","modified_gmt":"2026-09-05T16:05:05","slug":"programme-rentree-vendredi-4-septembre-2026-au-forum-des-associations-de-st-medard","status":"publish","type":"post","link":"https:\/\/naturjalles.org\/index.php\/2026\/09\/05\/programme-rentree-vendredi-4-septembre-2026-au-forum-des-associations-de-st-medard\/","title":{"rendered":"Programme rentr\u00e9e ! vendredi 4 septembre 2026 au Forum des associations de St M\u00e9dard&#8230;.!"},"content":{"rendered":"\n<figure class=\"wp-block-gallery has-nested-images columns-default is-cropped wp-block-gallery-1 is-layout-flex wp-block-gallery-is-layout-flex\">\n<figure class=\"wp-block-image size-large\"><img loading=\"lazy\" decoding=\"async\" width=\"768\" height=\"1024\" data-id=\"704\" src=\"https:\/\/naturjalles.org\/wp-content\/uploads\/2026\/09\/20260904_forum-1-768x1024.jpg\" alt=\"\" class=\"wp-image-704\" srcset=\"https:\/\/naturjalles.org\/wp-content\/uploads\/2026\/09\/20260904_forum-1-768x1024.jpg 768w, https:\/\/naturjalles.org\/wp-content\/uploads\/2026\/09\/20260904_forum-1-225x300.jpg 225w, https:\/\/naturjalles.org\/wp-content\/uploads\/2026\/09\/20260904_forum-1-1152x1536.jpg 1152w, https:\/\/naturjalles.org\/wp-content\/uploads\/2026\/09\/20260904_forum-1-1536x2048.jpg 1536w, https:\/\/naturjalles.org\/wp-content\/uploads\/2026\/09\/20260904_forum-1-scaled.jpg 1920w\" sizes=\"auto, (max-width: 768px) 100vw, 768px\" \/><\/figure>\n<\/figure>\n\n\n\n<p>C&rsquo;\u00e9tait hier au forum!     Martine et Patricia<\/p>\n\n\n\n<blockquote class=\"wp-block-quote is-layout-flow wp-block-quote-is-layout-flow\">\n<p><br>Sorties gratuites ( sauf exception) pour les adh\u00e9rents et payantes pour les ext\u00e9rieurs<br>( 10\u20ac adulte et 6\u20ac enfant)<br><strong>Dimanche 13 septembre : sortie astronomique \u00e0 BELIN-BELIET<\/strong><br>Soir\u00e9e d&rsquo;observation au c\u0153ur du Parc National des Landes de Gascogne, labellis\u00e9 \u00ab\u00a0R\u00e9-<br>serve Internationale de Ciel \u00c9toil\u00e9\u00a0\u00bb en raison de la qualit\u00e9 de son ciel nocturne, avec<br>Bernard Maudry, responsable du club d&rsquo;astronomie de Belin-B\u00e9liet, et sensibilisation \u00e0<br>la probl\u00e9matique de la pollution lumineuse.<br><strong>Samedi 3 octobre : sortie patrimoniale \u00e0 HAUX<\/strong><br>Balade p\u00e9destre \u00e0 la journ\u00e9e pour d\u00e9couvrir les richesses du patrimoine b\u00e2ti et na-<br>turel d&rsquo;Haux, petite commune de l&rsquo;Entre deux Mers, avec deux guides, Antoine Caillard et<br>Jean-Fran\u00e7ois Larch\u00e9, co-auteurs d&rsquo;une monographie sur Haux.<br><strong>Samedi 21 novembre : sortie au Parc Ornithologique du Teich<\/strong><br>Balade \/ d\u00e9couverte \u00e0 la journ\u00e9e: avec Alain Fleury, cofondateur du Parc et 1er<br>garde pendant 40 ans, \u00e0 l\u2019origine de nombreux am\u00e9nagements pour y favoriser l\u2019ac-<br>cueil de la biodiversit\u00e9<br><strong>Dimanche 6 d\u00e9cembre : soir\u00e9e astronomique \u00e0 Saint-M\u00e9dard<\/strong><br>Diaporama sur les principaux objets c\u00e9lestes ( plan\u00e8tes, galaxie, autres galaxies) et<br>\u00e9changes avec le public . Soir\u00e9e anim\u00e9e par Bernard Maudry, responsable du club d&rsquo;as-<br>tronomie de Belin-B\u00e9liet et photographe amateur.<br>Pour \u00eatre inform\u00e9 de l\u2019actualit\u00e9 des sorties\u2192 :<br>site internet : <a href=\"https:\/\/naturjalles.org\/\">naturjalles.org<\/a><br>FB : Naturjalles<br>ou demander \u00e0 recevoir les annonces de sorties en \u00e9crivant \u00e0<br>president@naturjalles.org<\/p>\n<\/blockquote>\n","protected":false},"excerpt":{"rendered":"<p>C&rsquo;\u00e9tait hier au forum! Martine et Patricia Sorties gratuites ( sauf exception) pour les adh\u00e9rents et payantes pour les ext\u00e9rieurs( 10\u20ac adulte et 6\u20ac enfant)Dimanche 13 septembre : sortie astronomique \u00e0 BELIN-BELIETSoir\u00e9e d&rsquo;observation au c\u0153ur du Parc National des Landes de Gascogne, labellis\u00e9 \u00ab\u00a0R\u00e9-serve Internationale de Ciel \u00c9toil\u00e9\u00a0\u00bb en raison de la qualit\u00e9 de son [&hellip;]<\/p>\n","protected":false},"author":1,"featured_media":0,"comment_status":"closed","ping_status":"open","sticky":false,"template":"","format":"gallery","meta":{"_monsterinsights_skip_tracking":false,"_monsterinsights_sitenote_active":false,"_monsterinsights_sitenote_note":"","_monsterinsights_sitenote_category":0,"footnotes":""},"categories":[1],"tags":[],"class_list":["post-703","post","type-post","status-publish","format-gallery","hentry","category-non-classe","post_format-post-format-gallery"],"_links":{"self":[{"href":"https:\/\/naturjalles.org\/index.php\/wp-json\/wp\/v2\/posts\/703","targetHints":{"allow":["GET"]}}],"collection":[{"href":"https:\/\/naturjalles.org\/index.php\/wp-json\/wp\/v2\/posts"}],"about":[{"href":"https:\/\/naturjalles.org\/index.php\/wp-json\/wp\/v2\/types\/post"}],"author":[{"embeddable":true,"href":"https:\/\/naturjalles.org\/index.php\/wp-json\/wp\/v2\/users\/1"}],"replies":[{"embeddable":true,"href":"https:\/\/naturjalles.org\/index.php\/wp-json\/wp\/v2\/comments?post=703"}],"version-history":[{"count":2,"href":"https:\/\/naturjalles.org\/index.php\/wp-json\/wp\/v2\/posts\/703\/revisions"}],"predecessor-version":[{"id":706,"href":"https:\/\/naturjalles.org\/index.php\/wp-json\/wp\/v2\/posts\/703\/revisions\/706"}],"wp:attachment":[{"href":"https:\/\/naturjalles.org\/index.php\/wp-json\/wp\/v2\/media?parent=703"}],"wp:term":[{"taxonomy":"category","embeddable":true,"href":"https:\/\/naturjalles.org\/index.php\/wp-json\/wp\/v2\/categories?post=703"},{"taxonomy":"post_tag","embeddable":true,"href":"https:\/\/naturjalles.org\/index.php\/wp-json\/wp\/v2\/tags?post=703"}],"curies":[{"name":"wp","href":"https:\/\/api.w.org\/{rel}","templated":true}]}}