{"id":443,"date":"2026-03-11T08:33:38","date_gmt":"2026-03-11T07:33:38","guid":{"rendered":"https:\/\/naturjalles.org\/?p=443"},"modified":"2026-03-11T09:03:06","modified_gmt":"2026-03-11T08:03:06","slug":"dimanche-22-mars-2026-ballade-pedestre-a-tresses","status":"publish","type":"post","link":"https:\/\/naturjalles.org\/index.php\/2026\/03\/11\/dimanche-22-mars-2026-ballade-pedestre-a-tresses\/","title":{"rendered":"Dimanche 22 mars 2026 : ballade p\u00e9destre \u00e0 Tresses"},"content":{"rendered":"\n<p>C\u2019est bient\u00f4t la journ\u00e9e internationale des for\u00eats&nbsp;\u2026! Dimanche 22 mars, nous vous proposons une balade p\u00e9destre pour d\u00e9couvrir les richesses du patrimoine b\u00e2ti et naturel de Tresses (33) avec deux guides.<\/p>\n\n\n\n<p>Commune de l&rsquo;aire d&rsquo;attraction de Bordeaux situ\u00e9e dans l\u2019Entre-deux-Mers, Tresses peut se targuer des caract\u00e8res d\u2019une commune rurale en raison de l\u2019emprise encore tr\u00e8s forte des activit\u00e9s agricoles et des espaces naturels.&nbsp;<\/p>\n\n\n\n<p>Tresses conserve un beau patrimoine b\u00e2ti et naturel que nous vous proposons de visiter avec Michel Harpillard, ancien adjoint \u00e0 la culture passionn\u00e9 par l&rsquo;histoire de sa commune et qui propose chaque ann\u00e9e \u00e0 l&rsquo;occasion des journ\u00e9es du patrimoine la visite du centre historique de la commune.<\/p>\n\n\n\n<p> Jean-Fran\u00e7ois Larche, notre guide du patrimoine naturel, sera \u00e0 ses c\u00f4t\u00e9s. &nbsp;&nbsp;<\/p>\n\n\n\n<p>Nous visiterons en particulier l&rsquo;\u00e9glise saint-Pierre et l&rsquo;arboretum de Mar\u00e8s rest\u00e9 presque inchang\u00e9 depuis plus d&rsquo;un si\u00e8cle.<\/p>\n\n\n\n<p>Inscriptions via HelloAsso :  <a href=\"https:\/\/www.helloasso.com\/associations\/naturjalles\/evenements\/22-03-2026-decouverte-des-patrimoines-bati-et-naturel-du-bourg-de-de-tresse\">https:\/\/www.helloasso.com\/associations\/naturjalles\/evenements\/22-03-2026-decouverte-des-patrimoines-bati-et-naturel-du-bourg-de-de-tresse<\/a><\/p>\n\n\n\n<figure class=\"wp-block-image size-large\"><img loading=\"lazy\" decoding=\"async\" width=\"682\" height=\"1024\" src=\"https:\/\/naturjalles.org\/wp-content\/uploads\/2026\/03\/MARES_AUTOMNE_027-682x1024.jpg\" alt=\"\" class=\"wp-image-446\" srcset=\"https:\/\/naturjalles.org\/wp-content\/uploads\/2026\/03\/MARES_AUTOMNE_027-682x1024.jpg 682w, https:\/\/naturjalles.org\/wp-content\/uploads\/2026\/03\/MARES_AUTOMNE_027-200x300.jpg 200w, https:\/\/naturjalles.org\/wp-content\/uploads\/2026\/03\/MARES_AUTOMNE_027-768x1152.jpg 768w, https:\/\/naturjalles.org\/wp-content\/uploads\/2026\/03\/MARES_AUTOMNE_027-1024x1536.jpg 1024w, https:\/\/naturjalles.org\/wp-content\/uploads\/2026\/03\/MARES_AUTOMNE_027.jpg 1181w\" sizes=\"auto, (max-width: 682px) 100vw, 682px\" \/><\/figure>\n","protected":false},"excerpt":{"rendered":"<p>C\u2019est bient\u00f4t la journ\u00e9e internationale des for\u00eats&nbsp;\u2026! Dimanche 22 mars, nous vous proposons une balade p\u00e9destre pour d\u00e9couvrir les richesses du patrimoine b\u00e2ti et naturel de Tresses (33) avec deux guides. Commune de l&rsquo;aire d&rsquo;attraction de Bordeaux situ\u00e9e dans l\u2019Entre-deux-Mers, Tresses peut se targuer des caract\u00e8res d\u2019une commune rurale en raison de l\u2019emprise encore tr\u00e8s [&hellip;]<\/p>\n","protected":false},"author":1,"featured_media":444,"comment_status":"closed","ping_status":"open","sticky":false,"template":"","format":"standard","meta":{"_monsterinsights_skip_tracking":false,"_monsterinsights_sitenote_active":false,"_monsterinsights_sitenote_note":"","_monsterinsights_sitenote_category":0,"footnotes":""},"categories":[1],"tags":[],"class_list":["post-443","post","type-post","status-publish","format-standard","has-post-thumbnail","hentry","category-non-classe"],"_links":{"self":[{"href":"https:\/\/naturjalles.org\/index.php\/wp-json\/wp\/v2\/posts\/443","targetHints":{"allow":["GET"]}}],"collection":[{"href":"https:\/\/naturjalles.org\/index.php\/wp-json\/wp\/v2\/posts"}],"about":[{"href":"https:\/\/naturjalles.org\/index.php\/wp-json\/wp\/v2\/types\/post"}],"author":[{"embeddable":true,"href":"https:\/\/naturjalles.org\/index.php\/wp-json\/wp\/v2\/users\/1"}],"replies":[{"embeddable":true,"href":"https:\/\/naturjalles.org\/index.php\/wp-json\/wp\/v2\/comments?post=443"}],"version-history":[{"count":7,"href":"https:\/\/naturjalles.org\/index.php\/wp-json\/wp\/v2\/posts\/443\/revisions"}],"predecessor-version":[{"id":453,"href":"https:\/\/naturjalles.org\/index.php\/wp-json\/wp\/v2\/posts\/443\/revisions\/453"}],"wp:featuredmedia":[{"embeddable":true,"href":"https:\/\/naturjalles.org\/index.php\/wp-json\/wp\/v2\/media\/444"}],"wp:attachment":[{"href":"https:\/\/naturjalles.org\/index.php\/wp-json\/wp\/v2\/media?parent=443"}],"wp:term":[{"taxonomy":"category","embeddable":true,"href":"https:\/\/naturjalles.org\/index.php\/wp-json\/wp\/v2\/categories?post=443"},{"taxonomy":"post_tag","embeddable":true,"href":"https:\/\/naturjalles.org\/index.php\/wp-json\/wp\/v2\/tags?post=443"}],"curies":[{"name":"wp","href":"https:\/\/api.w.org\/{rel}","templated":true}]}}