{"id":438,"date":"2026-01-25T18:18:39","date_gmt":"2026-01-25T17:18:39","guid":{"rendered":"https:\/\/naturjalles.org\/?p=438"},"modified":"2026-01-25T18:18:39","modified_gmt":"2026-01-25T17:18:39","slug":"sortie-grues-cendrees-le-10-janvier-2026","status":"publish","type":"post","link":"https:\/\/naturjalles.org\/index.php\/2026\/01\/25\/sortie-grues-cendrees-le-10-janvier-2026\/","title":{"rendered":"Sortie Grues cendr\u00e9es le 10 janvier 2026"},"content":{"rendered":"\n<p>Petit retour sur notre sortie matinale\u2026 sur les grues cendr\u00e9es.<\/p>\n\n\n\n<p>Nous les avons suivies cette fois au lever du \u00ab&nbsp;dortoir&nbsp;\u00bb&nbsp;! Elles s\u2019envolaient donc plus bas au-dessus de nous, pour rejoindre leur lieu de nourrissage dans les champs de ma\u00efs \u00e0 une dizaine de kilom\u00e8tres. Quelques averses entrem\u00eal\u00e9es d\u2019\u00e9claircies, nous ont permis d\u2019entendre et voir ces beaux oiseaux. Adultes, 1m20 tout de m\u00eame\u2026&nbsp;! Andr\u00e9 nous a bien manqu\u00e9 pour les photos, mais l\u2019observation \u00e0 la jumelle dans les champs, et mieux encore avec la lunette d\u2019Olivier, fut magnifique.<\/p>\n\n\n\n<figure class=\"wp-block-gallery has-nested-images columns-default is-cropped wp-block-gallery-1 is-layout-flex wp-block-gallery-is-layout-flex\">\n<figure class=\"wp-block-image size-full\"><img loading=\"lazy\" decoding=\"async\" width=\"474\" height=\"713\" data-id=\"439\" src=\"https:\/\/naturjalles.org\/wp-content\/uploads\/2026\/01\/OIP.alOqXqWDTQXycx7tvKmyywHaLJ.webp\" alt=\"\" class=\"wp-image-439\" style=\"object-fit:cover\" srcset=\"https:\/\/naturjalles.org\/wp-content\/uploads\/2026\/01\/OIP.alOqXqWDTQXycx7tvKmyywHaLJ.webp 474w, https:\/\/naturjalles.org\/wp-content\/uploads\/2026\/01\/OIP.alOqXqWDTQXycx7tvKmyywHaLJ-199x300.webp 199w\" sizes=\"auto, (max-width: 474px) 100vw, 474px\" \/><\/figure>\n\n\n\n<figure class=\"wp-block-image size-full\"><img loading=\"lazy\" decoding=\"async\" width=\"1920\" height=\"2560\" data-id=\"440\" src=\"https:\/\/naturjalles.org\/wp-content\/uploads\/2026\/01\/20260110_103126-scaled.jpg\" alt=\"\" class=\"wp-image-440\" srcset=\"https:\/\/naturjalles.org\/wp-content\/uploads\/2026\/01\/20260110_103126-scaled.jpg 1920w, https:\/\/naturjalles.org\/wp-content\/uploads\/2026\/01\/20260110_103126-225x300.jpg 225w, https:\/\/naturjalles.org\/wp-content\/uploads\/2026\/01\/20260110_103126-768x1024.jpg 768w, https:\/\/naturjalles.org\/wp-content\/uploads\/2026\/01\/20260110_103126-1152x1536.jpg 1152w, https:\/\/naturjalles.org\/wp-content\/uploads\/2026\/01\/20260110_103126-1536x2048.jpg 1536w\" sizes=\"auto, (max-width: 1920px) 100vw, 1920px\" \/><\/figure>\n<\/figure>\n","protected":false},"excerpt":{"rendered":"<p>Petit retour sur notre sortie matinale\u2026 sur les grues cendr\u00e9es. Nous les avons suivies cette fois au lever du \u00ab&nbsp;dortoir&nbsp;\u00bb&nbsp;! Elles s\u2019envolaient donc plus bas au-dessus de nous, pour rejoindre leur lieu de nourrissage dans les champs de ma\u00efs \u00e0 une dizaine de kilom\u00e8tres. Quelques averses entrem\u00eal\u00e9es d\u2019\u00e9claircies, nous ont permis d\u2019entendre et voir ces [&hellip;]<\/p>\n","protected":false},"author":1,"featured_media":0,"comment_status":"closed","ping_status":"open","sticky":false,"template":"","format":"standard","meta":{"_monsterinsights_skip_tracking":false,"_monsterinsights_sitenote_active":false,"_monsterinsights_sitenote_note":"","_monsterinsights_sitenote_category":0,"footnotes":""},"categories":[1],"tags":[],"class_list":["post-438","post","type-post","status-publish","format-standard","hentry","category-non-classe"],"_links":{"self":[{"href":"https:\/\/naturjalles.org\/index.php\/wp-json\/wp\/v2\/posts\/438","targetHints":{"allow":["GET"]}}],"collection":[{"href":"https:\/\/naturjalles.org\/index.php\/wp-json\/wp\/v2\/posts"}],"about":[{"href":"https:\/\/naturjalles.org\/index.php\/wp-json\/wp\/v2\/types\/post"}],"author":[{"embeddable":true,"href":"https:\/\/naturjalles.org\/index.php\/wp-json\/wp\/v2\/users\/1"}],"replies":[{"embeddable":true,"href":"https:\/\/naturjalles.org\/index.php\/wp-json\/wp\/v2\/comments?post=438"}],"version-history":[{"count":1,"href":"https:\/\/naturjalles.org\/index.php\/wp-json\/wp\/v2\/posts\/438\/revisions"}],"predecessor-version":[{"id":441,"href":"https:\/\/naturjalles.org\/index.php\/wp-json\/wp\/v2\/posts\/438\/revisions\/441"}],"wp:attachment":[{"href":"https:\/\/naturjalles.org\/index.php\/wp-json\/wp\/v2\/media?parent=438"}],"wp:term":[{"taxonomy":"category","embeddable":true,"href":"https:\/\/naturjalles.org\/index.php\/wp-json\/wp\/v2\/categories?post=438"},{"taxonomy":"post_tag","embeddable":true,"href":"https:\/\/naturjalles.org\/index.php\/wp-json\/wp\/v2\/tags?post=438"}],"curies":[{"name":"wp","href":"https:\/\/api.w.org\/{rel}","templated":true}]}}