{"id":433,"date":"2025-11-17T14:34:58","date_gmt":"2025-11-17T13:34:58","guid":{"rendered":"https:\/\/naturjalles.org\/?p=433"},"modified":"2026-04-16T21:02:44","modified_gmt":"2026-04-16T19:02:44","slug":"22-11-2025-baguage-des-oiseaux","status":"publish","type":"post","link":"https:\/\/naturjalles.org\/index.php\/2025\/11\/17\/22-11-2025-baguage-des-oiseaux\/","title":{"rendered":"22\/11\/2025: baguage des oiseaux"},"content":{"rendered":"\n<p><\/p>\n\n\n\n<p><strong>Baguage des oiseaux, une affaire de passionn\u00e9s !<\/strong><\/p>\n\n\n\n<p><a href=\"https:\/\/www.helloasso.com\/associations\/naturjalles\/evenements\/22-11-2025-baguage-des-oiseaux-une-affaire-de-passionnes\" target=\"_blank\" rel=\"noreferrer noopener\">conf\u00e9rence sur le baguage<\/a><\/p>\n\n\n\n<p>Le 22 novembre 2025, de 18h \u00e0 21h30<\/p>\n\n\n\n<p>Deux ornithologues, de deux g\u00e9n\u00e9rations diff\u00e9rentes, vous expliqueront les enjeux du baguage et vous feront partager leur passion: du mat\u00e9riel, des supports photographiques et des extraits vid\u00e9os illustreront leurs explications. Ces \u00e9changes se prolongeront au cours d\u2019une auberge espagnole pour ceux qui le souhaitent.<\/p>\n\n\n\n<p>Pour percer les myst\u00e8res de la migration des oiseaux, les scientifiques du XIX\u00e8me si\u00e8cle ont mis au point une technique nouvelle, le baguage.<\/p>\n\n\n\n<p>Ce sont des Europ\u00e9ens du nord qui ont \u00e9t\u00e9 les pr\u00e9curseurs: Danois, Hollandais \u2026<\/p>\n\n\n\n<p>Du collier en laiton autour du cou d\u2019oies et de canards, on est pass\u00e9 \u00e0 la technique actuelle des bagues en aluminium autour des pattes&nbsp; \u00e0 la fin du XIX\u00e8me.<\/p>\n\n\n\n<p>Cela fait 100 ans que cette technique s\u2019est g\u00e9n\u00e9ralis\u00e9e apr\u00e8s avoir, au d\u00e9part, suscit\u00e9 une forte opposition de la part des protecteurs des animaux \u2026<\/p>\n\n\n\n<p>L\u2019un des intervenants de cette conf\u00e9rence est Alain Fleury. Autodidacte, il est devenu un ornithologue internationalement reconnu. Il a contribu\u00e9 \u00e0 la cr\u00e9ation &nbsp;de la r\u00e9serve ornithologique du Teich en 1972, dont il fut le 1er garde. Il y a travaill\u00e9 pendant &nbsp;40 ans et prenait \u00e0 l\u2019\u00e9poque ses vacances au mois d\u2019octobre pour pouvoir consacrer toutes ses nuits au baguage des oiseaux\u2026! &nbsp;<\/p>\n\n\n\n<p>Bient\u00f4t octog\u00e9naire, il a gard\u00e9 toute sa vitalit\u00e9 et sa verve! Il est intarissable sur sa passion comme nous le montre ce reportage de 1978 intitul\u00e9 <a href=\"https:\/\/www.ina.fr\/ina-eclaire-actu\/video\/rbc05060738\/alain-fleury-l-homme-aux-oiseaux\">l\u2019Homme aux oiseaux<\/a>.<\/p>\n\n\n\n<p>Le 2\u00e8me intervenant est un jeune retrait\u00e9, membre actif de la LPO et de Natur\u2019Jalles, Olivier Debelleix, qui ne m\u00e9nage pas ses efforts, jour et nuit, pour participer aux campagnes de baguage.<\/p>\n\n\n\n<p>Ils vous expliqueront tous les deux les secrets du baguage, ses difficult\u00e9s et ses enjeux. Ils partageront avec vous l\u2019\u00e9motion indicible de tenir entre ses doigts une cr\u00e9ature sauvage pour contribuer \u00e0 sa pr\u00e9servation.&nbsp;<\/p>\n\n\n\n<p>Conf\u00e9rence accessible \u00e0 tous, n\u00e9ophyte et amateurs \u00e9clair\u00e9s.<\/p>\n\n\n\n<p>Enfants bienvenus \u00e0 partir de 10 ans<\/p>\n\n\n\n<p>Date: samedi 22 novembre 2025<\/p>\n\n\n\n<p>Horaires:&nbsp;<\/p>\n\n\n\n<p>conf\u00e9rence de 18H \u00e0 19H30: soyez bien \u00e0 l\u2019heure!<\/p>\n\n\n\n<p>auberge espagnole: \u00e0 partir de 19H30<\/p>\n\n\n\n<p>Si vous vous inscrivez \u00e0 l\u2019auberge espagnole, vous recevrez dans un second temps, un mail pour l\u2019organisation du repas.<\/p>\n","protected":false},"excerpt":{"rendered":"<p>Baguage des oiseaux, une affaire de passionn\u00e9s ! conf\u00e9rence sur le baguage Le 22 novembre 2025, de 18h \u00e0 21h30 Deux ornithologues, de deux g\u00e9n\u00e9rations diff\u00e9rentes, vous expliqueront les enjeux du baguage et vous feront partager leur passion: du mat\u00e9riel, des supports photographiques et des extraits vid\u00e9os illustreront leurs explications. Ces \u00e9changes se prolongeront au [&hellip;]<\/p>\n","protected":false},"author":1,"featured_media":0,"comment_status":"closed","ping_status":"open","sticky":false,"template":"","format":"standard","meta":{"_monsterinsights_skip_tracking":false,"_monsterinsights_sitenote_active":false,"_monsterinsights_sitenote_note":"","_monsterinsights_sitenote_category":0,"footnotes":""},"categories":[1],"tags":[],"class_list":["post-433","post","type-post","status-publish","format-standard","hentry","category-non-classe"],"_links":{"self":[{"href":"https:\/\/naturjalles.org\/index.php\/wp-json\/wp\/v2\/posts\/433","targetHints":{"allow":["GET"]}}],"collection":[{"href":"https:\/\/naturjalles.org\/index.php\/wp-json\/wp\/v2\/posts"}],"about":[{"href":"https:\/\/naturjalles.org\/index.php\/wp-json\/wp\/v2\/types\/post"}],"author":[{"embeddable":true,"href":"https:\/\/naturjalles.org\/index.php\/wp-json\/wp\/v2\/users\/1"}],"replies":[{"embeddable":true,"href":"https:\/\/naturjalles.org\/index.php\/wp-json\/wp\/v2\/comments?post=433"}],"version-history":[{"count":3,"href":"https:\/\/naturjalles.org\/index.php\/wp-json\/wp\/v2\/posts\/433\/revisions"}],"predecessor-version":[{"id":607,"href":"https:\/\/naturjalles.org\/index.php\/wp-json\/wp\/v2\/posts\/433\/revisions\/607"}],"wp:attachment":[{"href":"https:\/\/naturjalles.org\/index.php\/wp-json\/wp\/v2\/media?parent=433"}],"wp:term":[{"taxonomy":"category","embeddable":true,"href":"https:\/\/naturjalles.org\/index.php\/wp-json\/wp\/v2\/categories?post=433"},{"taxonomy":"post_tag","embeddable":true,"href":"https:\/\/naturjalles.org\/index.php\/wp-json\/wp\/v2\/tags?post=433"}],"curies":[{"name":"wp","href":"https:\/\/api.w.org\/{rel}","templated":true}]}}