{"id":400,"date":"2025-09-25T15:36:28","date_gmt":"2025-09-25T13:36:28","guid":{"rendered":"https:\/\/naturjalles.org\/?p=400"},"modified":"2025-09-25T15:36:29","modified_gmt":"2025-09-25T13:36:29","slug":"sortie-en-vallee-de-leyre-11-10-2025","status":"publish","type":"post","link":"https:\/\/naturjalles.org\/index.php\/2025\/09\/25\/sortie-en-vallee-de-leyre-11-10-2025\/","title":{"rendered":"Sortie en vall\u00e9e de Leyre 11\/10\/2025"},"content":{"rendered":"\n<p><\/p>\n\n\n\n<p>Venez vous plonger avec un guide dans l&rsquo;une des vall\u00e9es des Leyres qui constituent un patrimoine naturel parmi les plus&nbsp;riches du Sud-Ouest de la France: beaut\u00e9 et d\u00e9paysement garanti avec en particulier une parcelle de cypr\u00e8s chauves centenaires !<\/p>\n\n\n\n<h4 class=\"wp-block-heading\"><strong>Th\u00e9matique:<\/strong><\/h4>\n\n\n\n<p>La Leyre est un fleuve tranquille et sauvage qui s\u2019\u00e9tire sur pr\u00e8s de 100 kms, du sud du Parc naturel jusqu\u2019au bassin d\u2019Arcachon o\u00f9 il s\u2019\u00e9panouit dans un delta. Compos\u00e9e de la Grande-Leyre, la Petite-Leyre et L\u2019Eyre, elle constitue l&rsquo;\u00e9pine dorsale du Parc Naturel R\u00e9gional des Landes de Gascogne. Avec ses nombreux bras, cette v\u00e9ritable petite Amazone, serpente sous une vo\u00fbte d&rsquo;aulnes et de ch\u00eanes entre les touffes d\u2019osmonde royale, foug\u00e8re prot\u00e9g\u00e9e.<\/p>\n\n\n\n<p>Ses milieux associ\u00e9s repr\u00e9sentent des tr\u00e9sors de biodiversit\u00e9 : tourbi\u00e8res, prairies anciennes, bras morts r\u00e9servent des habitats favorables notamment aux carnivores telle la Genette et la Loutre. Ils servent aussi de lieux de nurserie pour les poissons et en particulier de fray\u00e8res aux brochets.<\/p>\n\n\n\n<p>Ses habitats remarquables et ses esp\u00e8ces exceptionnelles dans le lit majeur et tous ses affluents en &nbsp;font un site d&rsquo;int\u00e9r\u00eat communautaire de grande valeur, appel\u00e9 Site Natura 2000. Sa for\u00eat-galerie de feuillus est inscrite au titre de la Loi prot\u00e9geant les paysages. On y trouve des raret\u00e9s comme cette parcelle de cypr\u00e8s chauves qui nous transporte en Louisiane\u2026<\/p>\n\n\n\n<p>Avec notre guide , Jean-Fran\u00e7ois LARCHE, ethnobotaniste, nous irons \u00e0 la d\u00e9couverte de ces paysages dans leurs multiples dimensions &nbsp;( g\u00e9ologique, historique, \u00e9cologique) et nous profiterons de la richesse du milieu pour nous initier \u00e0 la lecture des multiples indices laiss\u00e9s par la faune sauvage\u2026<\/p>\n\n\n\n<p><\/p>\n\n\n\n<h4 class=\"wp-block-heading\"><strong>Informations pratiques:<\/strong><\/h4>\n\n\n\n<p>Pour ceux qui viennent de Saint M\u00e9dard en jalles et ses environs, rendez-vous pour covoiturer au  L<a href=\"https:\/\/maps.app.goo.gl\/Azh5W1531XsRQtGG9\">eclerc<\/a> Brico pour un d\u00e9part \u00e0 10H.\u00a0<\/p>\n\n\n\n<p>Pour les autres, rendez-vous directement \u00e0 <a href=\"https:\/\/maps.app.goo.gl\/kDUnZccLu1PjbkzH9\">Belin-B\u00e9liet &nbsp;sur le parking de l&rsquo;Intermarch\u00e9<\/a> \u00e0 10H45. L\u00e0, nous optimiserons le covoiturage avant de nous rendre sur site.<\/p>\n\n\n\n<p><strong>Apportez votre pique-nique et un plaid.<\/strong><\/p>\n\n\n\n<p><strong>Pr\u00e9voyez des chaussures confortables et<u> des bottes ainsi que des v\u00eatements adapt\u00e9s \u00e0 la m\u00e9t\u00e9o.<\/u><\/strong><\/p>\n\n\n\n<p>D\u00e9part du site \u00e0 16h pour un retour \u00e0 17H.<\/p>\n\n\n\n<p><\/p>\n\n\n\n<p><a href=\"https:\/\/www.helloasso.com\/associations\/naturjalles\/evenements\/11-10-2025-sortie-forestiere-d-automne\">https:\/\/www.helloasso.com\/associations\/naturjalles\/evenements\/11-10-2025-sortie-forestiere-d-automne<\/a><\/p>\n\n\n\n<p><\/p>\n","protected":false},"excerpt":{"rendered":"<p>Venez vous plonger avec un guide dans l&rsquo;une des vall\u00e9es des Leyres qui constituent un patrimoine naturel parmi les plus&nbsp;riches du Sud-Ouest de la France: beaut\u00e9 et d\u00e9paysement garanti avec en particulier une parcelle de cypr\u00e8s chauves centenaires ! Th\u00e9matique: La Leyre est un fleuve tranquille et sauvage qui s\u2019\u00e9tire sur pr\u00e8s de 100 kms, [&hellip;]<\/p>\n","protected":false},"author":1,"featured_media":0,"comment_status":"closed","ping_status":"open","sticky":false,"template":"","format":"standard","meta":{"_monsterinsights_skip_tracking":false,"_monsterinsights_sitenote_active":false,"_monsterinsights_sitenote_note":"","_monsterinsights_sitenote_category":0,"footnotes":""},"categories":[1],"tags":[],"class_list":["post-400","post","type-post","status-publish","format-standard","hentry","category-non-classe"],"_links":{"self":[{"href":"https:\/\/naturjalles.org\/index.php\/wp-json\/wp\/v2\/posts\/400","targetHints":{"allow":["GET"]}}],"collection":[{"href":"https:\/\/naturjalles.org\/index.php\/wp-json\/wp\/v2\/posts"}],"about":[{"href":"https:\/\/naturjalles.org\/index.php\/wp-json\/wp\/v2\/types\/post"}],"author":[{"embeddable":true,"href":"https:\/\/naturjalles.org\/index.php\/wp-json\/wp\/v2\/users\/1"}],"replies":[{"embeddable":true,"href":"https:\/\/naturjalles.org\/index.php\/wp-json\/wp\/v2\/comments?post=400"}],"version-history":[{"count":1,"href":"https:\/\/naturjalles.org\/index.php\/wp-json\/wp\/v2\/posts\/400\/revisions"}],"predecessor-version":[{"id":401,"href":"https:\/\/naturjalles.org\/index.php\/wp-json\/wp\/v2\/posts\/400\/revisions\/401"}],"wp:attachment":[{"href":"https:\/\/naturjalles.org\/index.php\/wp-json\/wp\/v2\/media?parent=400"}],"wp:term":[{"taxonomy":"category","embeddable":true,"href":"https:\/\/naturjalles.org\/index.php\/wp-json\/wp\/v2\/categories?post=400"},{"taxonomy":"post_tag","embeddable":true,"href":"https:\/\/naturjalles.org\/index.php\/wp-json\/wp\/v2\/tags?post=400"}],"curies":[{"name":"wp","href":"https:\/\/api.w.org\/{rel}","templated":true}]}}