{"id":393,"date":"2025-05-26T13:50:09","date_gmt":"2025-05-26T11:50:09","guid":{"rendered":"https:\/\/naturjalles.org\/?p=393"},"modified":"2026-03-23T10:25:51","modified_gmt":"2026-03-23T09:25:51","slug":"marche-oceane","status":"publish","type":"post","link":"https:\/\/naturjalles.org\/index.php\/2025\/05\/26\/marche-oceane\/","title":{"rendered":"Marche oc\u00e9ane 19 juin 2025"},"content":{"rendered":"\n<p><\/p>\n\n\n\n<p>2025 est l&rsquo;ann\u00e9e de la mer en France: nous vous embarquons avec&nbsp; l&rsquo;association de la Fresque Oc\u00e9ane pour une Marche Oc\u00e9ane \u00e0 St M\u00e9dard en Jalles!<\/p>\n\n\n\n<p><img decoding=\"async\" alt=\"\ud83c\udf0a\" src=\"https:\/\/fonts.gstatic.com\/s\/e\/notoemoji\/16.0\/1f30a\/72.png\"> Quand? Jeudi 19 juin 2025 de 9h \u00e0 12h<\/p>\n\n\n\n<p><img decoding=\"async\" alt=\"\ud83c\udf0d\" src=\"https:\/\/fonts.gstatic.com\/s\/e\/notoemoji\/16.0\/1f30d\/72.png\">O\u00f9? Sur Terre! A <a href=\"https:\/\/www.google.fr\/maps\/place\/44%C2%B053'32.1%22N+0%C2%B046'23.7%22W\/@44.892242,-0.773262,500m\/data=!3m2!1e3!4b1!4m4!3m3!8m2!3d44.892242!4d-0.773262?entry=ttu&amp;g_ep=EgoyMDI1MDUyMS4wIKXMDSoASAFQAw%3D%3D\" target=\"_blank\" rel=\"noreferrer noopener\">St M\u00e9dard en Jalles quartier ISSAC<\/a> (nous suivrons le ruisseau Guittard en for\u00eat). Vous aurez les infos pr\u00e9cises des points de rdv d\u00e9part et retour quelques jours avant la marche lors du dernier mail de confirmation de l&rsquo;\u00e9v\u00e9nement<\/p>\n\n\n\n<p><img decoding=\"async\" alt=\"\ud83d\udc2c\" src=\"https:\/\/fonts.gstatic.com\/s\/e\/notoemoji\/16.0\/1f42c\/72.png\">Comment? En vous inscrivant sur <a href=\"https:\/\/www.billetweb.fr\/marche-oceane-le-19-06-2025-a-st-medard-en-jalles-animee-par-geraldine-gd&amp;multi=15244&amp;color=4db9bc&amp;parent=1&amp;session=?calendar=1&amp;from_multi=1\" target=\"_blank\" rel=\"noreferrer noopener\">ce lien<\/a>&nbsp;&nbsp;(minimum demand\u00e9 2 euros pour l&rsquo;association La Fresque Oc\u00e9ane). Ce lien est aussi disponible dans l&rsquo;onglet participer du site <a href=\"http:\/\/www.fresqueoceane.org\" target=\"_blank\" rel=\"noreferrer noopener\">www.fresqueoceane.org<\/a><\/p>\n\n\n\n<p><img decoding=\"async\" alt=\"\ud83d\udc19\" src=\"https:\/\/fonts.gstatic.com\/s\/e\/notoemoji\/16.0\/1f419\/72.png\">De quoi s&rsquo;agit il?<\/p>\n\n\n\n<p><strong>La Marche Oc\u00e9ane est une marche guid\u00e9e en plein air, pour d\u00e9couvrir le monde sous-marin, s\u2019\u00e9merveiller de sa biodiversit\u00e9 et s\u2019interroger sur notre place dans la toile du vivant.<\/strong><\/p>\n\n\n\n<p>Ce sont 3.7 <strong>km de marche<\/strong>&nbsp;o\u00f9 chaque m\u00e8tre parcouru repr\u00e9sente 3m de profondeur remont\u00e9e.&nbsp;<\/p>\n\n\n\n<p>Vous d\u00e9marrerez dans la fosse des Mariannes \u00e0 11km de profondeur pour&nbsp; d\u00e9couvrir les abysses et les sources hydrothermales, vous remonterez vers les zones de chasse des cachalots, vous partagerez l\u2019effervescence de la vie du c\u0153ur des r\u00e9cifs coralliens.<\/p>\n\n\n\n<p>\u00c0 chaque palier, un point d\u2019arr\u00eat pour rencontrer des paysages aquatiques myst\u00e9rieux, peu connus, leur univers propre et leurs histoires&#8230;<\/p>\n\n\n\n<p><strong>La marche Oc\u00e9ane est une exp\u00e9rience collective et individuelle de connexion et d&rsquo;exploration de la mer et de l\u2019oc\u00e9an.<\/strong><\/p>\n\n\n\n<p><strong>A tr\u00e8s bient\u00f4t!<\/strong><\/p>\n\n\n\n<p><strong>Martine de Natur&rsquo;Jalles et G\u00e9raldine de la Fresque Oc\u00e9ane<\/strong><\/p>\n","protected":false},"excerpt":{"rendered":"<p>2025 est l&rsquo;ann\u00e9e de la mer en France: nous vous embarquons avec&nbsp; l&rsquo;association de la Fresque Oc\u00e9ane pour une Marche Oc\u00e9ane \u00e0 St M\u00e9dard en Jalles! Quand? Jeudi 19 juin 2025 de 9h \u00e0 12h O\u00f9? Sur Terre! A St M\u00e9dard en Jalles quartier ISSAC (nous suivrons le ruisseau Guittard en for\u00eat). Vous aurez les [&hellip;]<\/p>\n","protected":false},"author":1,"featured_media":0,"comment_status":"closed","ping_status":"open","sticky":false,"template":"","format":"standard","meta":{"_monsterinsights_skip_tracking":false,"_monsterinsights_sitenote_active":false,"_monsterinsights_sitenote_note":"","_monsterinsights_sitenote_category":0,"footnotes":""},"categories":[1],"tags":[],"class_list":["post-393","post","type-post","status-publish","format-standard","hentry","category-non-classe"],"_links":{"self":[{"href":"https:\/\/naturjalles.org\/index.php\/wp-json\/wp\/v2\/posts\/393","targetHints":{"allow":["GET"]}}],"collection":[{"href":"https:\/\/naturjalles.org\/index.php\/wp-json\/wp\/v2\/posts"}],"about":[{"href":"https:\/\/naturjalles.org\/index.php\/wp-json\/wp\/v2\/types\/post"}],"author":[{"embeddable":true,"href":"https:\/\/naturjalles.org\/index.php\/wp-json\/wp\/v2\/users\/1"}],"replies":[{"embeddable":true,"href":"https:\/\/naturjalles.org\/index.php\/wp-json\/wp\/v2\/comments?post=393"}],"version-history":[{"count":2,"href":"https:\/\/naturjalles.org\/index.php\/wp-json\/wp\/v2\/posts\/393\/revisions"}],"predecessor-version":[{"id":478,"href":"https:\/\/naturjalles.org\/index.php\/wp-json\/wp\/v2\/posts\/393\/revisions\/478"}],"wp:attachment":[{"href":"https:\/\/naturjalles.org\/index.php\/wp-json\/wp\/v2\/media?parent=393"}],"wp:term":[{"taxonomy":"category","embeddable":true,"href":"https:\/\/naturjalles.org\/index.php\/wp-json\/wp\/v2\/categories?post=393"},{"taxonomy":"post_tag","embeddable":true,"href":"https:\/\/naturjalles.org\/index.php\/wp-json\/wp\/v2\/tags?post=393"}],"curies":[{"name":"wp","href":"https:\/\/api.w.org\/{rel}","templated":true}]}}