{"id":357,"date":"2025-04-16T07:54:09","date_gmt":"2025-04-16T05:54:09","guid":{"rendered":"https:\/\/naturjalles.org\/?p=357"},"modified":"2025-04-16T07:54:10","modified_gmt":"2025-04-16T05:54:10","slug":"14-au-19-avril-2025-exposition-sur-les-hirondelles","status":"publish","type":"post","link":"https:\/\/naturjalles.org\/index.php\/2025\/04\/16\/14-au-19-avril-2025-exposition-sur-les-hirondelles\/","title":{"rendered":"14 au 19 avril 2025: exposition sur les hirondelles"},"content":{"rendered":"\n<figure class=\"wp-block-image size-large is-resized\"><img loading=\"lazy\" decoding=\"async\" width=\"1024\" height=\"576\" src=\"https:\/\/naturjalles.org\/wp-content\/uploads\/2025\/04\/20250414_104027-1024x576.jpg\" alt=\"\" class=\"wp-image-358\" style=\"width:701px;height:auto\" srcset=\"https:\/\/naturjalles.org\/wp-content\/uploads\/2025\/04\/20250414_104027-1024x576.jpg 1024w, https:\/\/naturjalles.org\/wp-content\/uploads\/2025\/04\/20250414_104027-300x169.jpg 300w, https:\/\/naturjalles.org\/wp-content\/uploads\/2025\/04\/20250414_104027-768x432.jpg 768w, https:\/\/naturjalles.org\/wp-content\/uploads\/2025\/04\/20250414_104027-1536x864.jpg 1536w, https:\/\/naturjalles.org\/wp-content\/uploads\/2025\/04\/20250414_104027-2048x1152.jpg 2048w\" sizes=\"auto, (max-width: 1024px) 100vw, 1024px\" \/><\/figure>\n\n\n\n<p>Ce stand est pr\u00e9sent toute cette semaine \u00e0 l&rsquo;Intermarch\u00e9 de St M\u00e9dard en Jalles que nous remercions pour son accueil <img loading=\"lazy\" decoding=\"async\" height=\"16\" width=\"16\" src=\"https:\/\/static.xx.fbcdn.net\/images\/emoji.php\/v9\/t57\/1\/16\/1f609.png\" alt=\"\ud83d\ude09\">!<\/p>\n\n\n\n<p>Vous allez tout savoir sur l&rsquo;hirondelle rustique et l&rsquo;hirondelle de fen\u00eatre. Ainsi que la pr\u00e9sence de ces esp\u00e8ces sur la commune et comment agir positivement sur votre environnement proche afin d&rsquo;aider la nature ! Venez nous voir&#8230;<\/p>\n\n\n\n<p><\/p>\n","protected":false},"excerpt":{"rendered":"<p>Ce stand est pr\u00e9sent toute cette semaine \u00e0 l&rsquo;Intermarch\u00e9 de St M\u00e9dard en Jalles que nous remercions pour son accueil ! Vous allez tout savoir sur l&rsquo;hirondelle rustique et l&rsquo;hirondelle de fen\u00eatre. Ainsi que la pr\u00e9sence de ces esp\u00e8ces sur la commune et comment agir positivement sur votre environnement proche afin d&rsquo;aider la nature ! [&hellip;]<\/p>\n","protected":false},"author":1,"featured_media":0,"comment_status":"closed","ping_status":"open","sticky":false,"template":"","format":"standard","meta":{"_monsterinsights_skip_tracking":false,"_monsterinsights_sitenote_active":false,"_monsterinsights_sitenote_note":"","_monsterinsights_sitenote_category":0,"footnotes":""},"categories":[1],"tags":[],"class_list":["post-357","post","type-post","status-publish","format-standard","hentry","category-non-classe"],"_links":{"self":[{"href":"https:\/\/naturjalles.org\/index.php\/wp-json\/wp\/v2\/posts\/357","targetHints":{"allow":["GET"]}}],"collection":[{"href":"https:\/\/naturjalles.org\/index.php\/wp-json\/wp\/v2\/posts"}],"about":[{"href":"https:\/\/naturjalles.org\/index.php\/wp-json\/wp\/v2\/types\/post"}],"author":[{"embeddable":true,"href":"https:\/\/naturjalles.org\/index.php\/wp-json\/wp\/v2\/users\/1"}],"replies":[{"embeddable":true,"href":"https:\/\/naturjalles.org\/index.php\/wp-json\/wp\/v2\/comments?post=357"}],"version-history":[{"count":1,"href":"https:\/\/naturjalles.org\/index.php\/wp-json\/wp\/v2\/posts\/357\/revisions"}],"predecessor-version":[{"id":359,"href":"https:\/\/naturjalles.org\/index.php\/wp-json\/wp\/v2\/posts\/357\/revisions\/359"}],"wp:attachment":[{"href":"https:\/\/naturjalles.org\/index.php\/wp-json\/wp\/v2\/media?parent=357"}],"wp:term":[{"taxonomy":"category","embeddable":true,"href":"https:\/\/naturjalles.org\/index.php\/wp-json\/wp\/v2\/categories?post=357"},{"taxonomy":"post_tag","embeddable":true,"href":"https:\/\/naturjalles.org\/index.php\/wp-json\/wp\/v2\/tags?post=357"}],"curies":[{"name":"wp","href":"https:\/\/api.w.org\/{rel}","templated":true}]}}