{"id":349,"date":"2025-04-09T09:24:57","date_gmt":"2025-04-09T07:24:57","guid":{"rendered":"https:\/\/naturjalles.org\/?p=349"},"modified":"2025-04-09T09:33:54","modified_gmt":"2025-04-09T07:33:54","slug":"les-oiseaux-nicheurs-des-marais-13-avril-2025","status":"publish","type":"post","link":"https:\/\/naturjalles.org\/index.php\/2025\/04\/09\/les-oiseaux-nicheurs-des-marais-13-avril-2025\/","title":{"rendered":"13 avril 2025 : Les oiseaux nicheurs des marais"},"content":{"rendered":"\n<p><\/p>\n\n\n\n<figure class=\"wp-block-gallery has-nested-images columns-default is-cropped wp-block-gallery-1 is-layout-flex wp-block-gallery-is-layout-flex\">\n<figure class=\"wp-block-image size-full\"><img loading=\"lazy\" decoding=\"async\" width=\"474\" height=\"348\" data-id=\"355\" src=\"https:\/\/naturjalles.org\/wp-content\/uploads\/2025\/04\/bec-dambes-marais-2025.jpg\" alt=\"\" class=\"wp-image-355\" srcset=\"https:\/\/naturjalles.org\/wp-content\/uploads\/2025\/04\/bec-dambes-marais-2025.jpg 474w, https:\/\/naturjalles.org\/wp-content\/uploads\/2025\/04\/bec-dambes-marais-2025-300x220.jpg 300w\" sizes=\"auto, (max-width: 474px) 100vw, 474px\" \/><\/figure>\n<\/figure>\n\n\n\n<p>Dimanche 13 avril de 8H30 \u00e0 12H30, nous vous invitons \u00e0 une promenade d\u00e9couverte des marais du bec d&rsquo;Amb\u00e8s \u00e0 la rencontre des oiseaux nicheurs avec notre guide ornithologue, Olivier.<\/p>\n\n\n\n<p>Les marais du bec d\u2019Amb\u00e8s \u00e0 la confluence de la Garonne et de la Dordogne repr\u00e9sente un ensemble de milieux humides d\u2019une grande vari\u00e9t\u00e9 qui accueillent une biodiversit\u00e9 remarquable. Notre sortie matinale de printemps nous permettra de nous plonger dans l\u2019ambiance du marais \u00e0 la p\u00e9riode o\u00f9 les esp\u00e8ces d\u2019oiseaux nicheurs sont de retour.<\/p>\n\n\n\n<p>Le site Natura 2000 des Marais du bec d\u2019Amb\u00e8s couvre plus de 2600 hectares sur 5 communes et comporte plus de 2\/3 de sa surface en zones naturelles. Il peut s\u2019enorgueillir de la pr\u00e9sence du tr\u00e8s rare vison d\u2019Europe , de la Loutre d\u2019Europe mais aussi de nombreuses esp\u00e8ces de la faune et de la flore.<\/p>\n\n\n\n<p><strong><u>Informations pratiques:<\/u><\/strong><\/p>\n\n\n\n<p>Lieu et heure de rendez-vous pour le covoiturage:&nbsp;<a href=\"https:\/\/www.google.fr\/maps\/place\/Bricomarch%C3%A9+Saint+M%C3%A9dard+en+Jalles\/@44.9028764,-0.7506291,17z\/data=!3m2!4b1!5s0xd54d1dddf12a92f:0x5487e146761ab632!4m5!3m4!1s0xd54d1dde7c7df73:0xa2c23d5fd2364990!8m2!3d44.9028726!4d-0.7484351\"> <\/a>parking BRICOLECLERC de Saint M\u00e9dard en Jalles &nbsp;<strong><u>\u00e0 8H30 ( retour pr\u00e9vu vers 12H30).<\/u><\/strong><\/p>\n\n\n\n<p>Lieu de rendez-vous <strong>directement sur site&nbsp;\u00e0 9H:&nbsp;<\/strong><\/p>\n\n\n\n<p><strong>taper le point de rep\u00e8re le plus proche: 36 Rue Raymond Beauvais 33440 Saint-Vincent-de-Paul<\/strong><\/p>\n\n\n\n<p>avant d\u2019arriver \u00e0 ce lieu qui se trouve \u00e0 droite , vous trouverez \u00e0 gauche quelques places de parking pour vous garer. <a href=\"https:\/\/www.google.fr\/maps\/@44.964363,-0.4820811,3a,75y,90t\/data=!3m7!1e1!3m5!1suKI_qtXkMeCxiuQfsvtXJg!2e0!6shttps:%2F%2Fstreetviewpixels-pa.googleapis.com%2Fv1%2Fthumbnail%3Fcb_client%3Dmaps_sv.tactile%26w%3D900%26h%3D600%26pitch%3D0%26panoid%3DuKI_qtXkMeCxiuQfsvtXJg%26yaw%3D0!7i16384!8i8192?entry=ttu&amp;g_ep=EgoyMDI1MDMyNS4xIKXMDSoASAFQAw%3D%3D\">lien vers vue<\/a><\/p>\n\n\n\n<p>Jumelles de rigueur et chaussures de marche, eau.<\/p>\n\n\n\n<p>Inscription ext\u00e9rieurs et adh\u00e9rents : <a href=\"https:\/\/www.helloasso.com\/associations\/naturjalles\/evenements\/13-04-2025-oiseaux-nicheurs-des-marais-1\">https:\/\/www.helloasso.com\/associations\/naturjalles\/evenements\/13-04-2025-oiseaux-nicheurs-des-marais-1<\/a><\/p>\n\n\n\n<p><\/p>\n","protected":false},"excerpt":{"rendered":"<p>Dimanche 13 avril de 8H30 \u00e0 12H30, nous vous invitons \u00e0 une promenade d\u00e9couverte des marais du bec d&rsquo;Amb\u00e8s \u00e0 la rencontre des oiseaux nicheurs avec notre guide ornithologue, Olivier. Les marais du bec d\u2019Amb\u00e8s \u00e0 la confluence de la Garonne et de la Dordogne repr\u00e9sente un ensemble de milieux humides d\u2019une grande vari\u00e9t\u00e9 qui [&hellip;]<\/p>\n","protected":false},"author":1,"featured_media":350,"comment_status":"closed","ping_status":"open","sticky":false,"template":"","format":"standard","meta":{"_monsterinsights_skip_tracking":false,"_monsterinsights_sitenote_active":false,"_monsterinsights_sitenote_note":"","_monsterinsights_sitenote_category":0,"footnotes":""},"categories":[1],"tags":[],"class_list":["post-349","post","type-post","status-publish","format-standard","has-post-thumbnail","hentry","category-non-classe"],"_links":{"self":[{"href":"https:\/\/naturjalles.org\/index.php\/wp-json\/wp\/v2\/posts\/349","targetHints":{"allow":["GET"]}}],"collection":[{"href":"https:\/\/naturjalles.org\/index.php\/wp-json\/wp\/v2\/posts"}],"about":[{"href":"https:\/\/naturjalles.org\/index.php\/wp-json\/wp\/v2\/types\/post"}],"author":[{"embeddable":true,"href":"https:\/\/naturjalles.org\/index.php\/wp-json\/wp\/v2\/users\/1"}],"replies":[{"embeddable":true,"href":"https:\/\/naturjalles.org\/index.php\/wp-json\/wp\/v2\/comments?post=349"}],"version-history":[{"count":4,"href":"https:\/\/naturjalles.org\/index.php\/wp-json\/wp\/v2\/posts\/349\/revisions"}],"predecessor-version":[{"id":356,"href":"https:\/\/naturjalles.org\/index.php\/wp-json\/wp\/v2\/posts\/349\/revisions\/356"}],"wp:featuredmedia":[{"embeddable":true,"href":"https:\/\/naturjalles.org\/index.php\/wp-json\/wp\/v2\/media\/350"}],"wp:attachment":[{"href":"https:\/\/naturjalles.org\/index.php\/wp-json\/wp\/v2\/media?parent=349"}],"wp:term":[{"taxonomy":"category","embeddable":true,"href":"https:\/\/naturjalles.org\/index.php\/wp-json\/wp\/v2\/categories?post=349"},{"taxonomy":"post_tag","embeddable":true,"href":"https:\/\/naturjalles.org\/index.php\/wp-json\/wp\/v2\/tags?post=349"}],"curies":[{"name":"wp","href":"https:\/\/api.w.org\/{rel}","templated":true}]}}