{"id":322,"date":"2025-02-01T17:41:32","date_gmt":"2025-02-01T16:41:32","guid":{"rendered":"https:\/\/naturjalles.org\/?p=322"},"modified":"2026-03-11T09:16:21","modified_gmt":"2026-03-11T08:16:21","slug":"loie-bernache-et-autres-migrateurs-11-01-2025","status":"publish","type":"post","link":"https:\/\/naturjalles.org\/index.php\/2025\/02\/01\/loie-bernache-et-autres-migrateurs-11-01-2025\/","title":{"rendered":"l&rsquo;oie bernache et autres migrateurs 11\/01\/2025"},"content":{"rendered":"\n<figure class=\"wp-block-image size-full\"><img loading=\"lazy\" decoding=\"async\" width=\"693\" height=\"537\" src=\"https:\/\/naturjalles.org\/wp-content\/uploads\/2025\/03\/bfJ9KoZGbog0AZ88.png\" alt=\"\" class=\"wp-image-346\" srcset=\"https:\/\/naturjalles.org\/wp-content\/uploads\/2025\/03\/bfJ9KoZGbog0AZ88.png 693w, https:\/\/naturjalles.org\/wp-content\/uploads\/2025\/03\/bfJ9KoZGbog0AZ88-300x232.png 300w\" sizes=\"auto, (max-width: 693px) 100vw, 693px\" \/><\/figure>\n\n\n\n<p> Notre r\u00e9gion accueille en hiver plus d&rsquo;un millier d&rsquo;oies bernaches : allons-les observer, en compagnie d&rsquo;autres migrateurs, sur leur site de nourrissage , le bassin d&rsquo;Arcachon !<\/p>\n\n\n\n<p>Pour notre 1\u00e8re sortie 2025, nous vous proposons d\u2019aller \u00e0 la rencontre de la Bernache cravant ou Bernache \u00e0 ventre sombre et nous allons vous raconter l\u2019histoire de cette petite oie sib\u00e9rienne&#8230;<\/p>\n\n\n\n<p>Nichant dans la toundra bordant l\u2019oc\u00e9an glacial Arctique, au Nord de la Sib\u00e9rie, elle n\u2019h\u00e9site pas \u00e0 effectuer un voyage de 5 \u00e0 6 000 km pour venir hiverner chez nous, sur le Bassin d\u2019Arcachon, son site le plus m\u00e9ridional.<\/p>\n\n\n\n<p>Exclusivement herbivore, la Bernache se nourrit en ce lieu des herbiers de zost\u00e8res.&nbsp;<\/p>\n\n\n\n<p><strong>Informations pratiques:<\/strong><\/p>\n\n\n\n<p>Veuillez vous habiller dans<strong> des couleurs neutres: gris, marron, vert bouteille, bleu marine, noir .<\/strong><\/p>\n\n\n\n<p>Les jumelles sont <strong>indispensables<\/strong>. Deux longues vues seront \u00e0 disposition.<\/p>\n\n\n\n<p>Pr\u00e9voir des <strong>chaussures confortables,<\/strong> un thermos et un en-cas, des v\u00eatements adapt\u00e9s \u00e0 la m\u00e9t\u00e9o et en particulier un bonnet.<\/p>\n\n\n\n<p>Lieu et heure de rendez-vous pour le covoiturage:&nbsp;parking bricoLeclerc Saint M\u00e9dard en Jalles ( au fond du parking c\u00f4t\u00e9 ch\u00e2teau) <strong>\u00e0 13H ( retour pr\u00e9vu \u00e0 18H).<\/strong><\/p>\n","protected":false},"excerpt":{"rendered":"<p>Notre r\u00e9gion accueille en hiver plus d&rsquo;un millier d&rsquo;oies bernaches : allons-les observer, en compagnie d&rsquo;autres migrateurs, sur leur site de nourrissage , le bassin d&rsquo;Arcachon ! Pour notre 1\u00e8re sortie 2025, nous vous proposons d\u2019aller \u00e0 la rencontre de la Bernache cravant ou Bernache \u00e0 ventre sombre et nous allons vous raconter l\u2019histoire de [&hellip;]<\/p>\n","protected":false},"author":1,"featured_media":323,"comment_status":"closed","ping_status":"open","sticky":false,"template":"","format":"standard","meta":{"_monsterinsights_skip_tracking":false,"_monsterinsights_sitenote_active":false,"_monsterinsights_sitenote_note":"","_monsterinsights_sitenote_category":0,"footnotes":""},"categories":[1],"tags":[],"class_list":["post-322","post","type-post","status-publish","format-standard","has-post-thumbnail","hentry","category-non-classe"],"_links":{"self":[{"href":"https:\/\/naturjalles.org\/index.php\/wp-json\/wp\/v2\/posts\/322","targetHints":{"allow":["GET"]}}],"collection":[{"href":"https:\/\/naturjalles.org\/index.php\/wp-json\/wp\/v2\/posts"}],"about":[{"href":"https:\/\/naturjalles.org\/index.php\/wp-json\/wp\/v2\/types\/post"}],"author":[{"embeddable":true,"href":"https:\/\/naturjalles.org\/index.php\/wp-json\/wp\/v2\/users\/1"}],"replies":[{"embeddable":true,"href":"https:\/\/naturjalles.org\/index.php\/wp-json\/wp\/v2\/comments?post=322"}],"version-history":[{"count":2,"href":"https:\/\/naturjalles.org\/index.php\/wp-json\/wp\/v2\/posts\/322\/revisions"}],"predecessor-version":[{"id":347,"href":"https:\/\/naturjalles.org\/index.php\/wp-json\/wp\/v2\/posts\/322\/revisions\/347"}],"wp:featuredmedia":[{"embeddable":true,"href":"https:\/\/naturjalles.org\/index.php\/wp-json\/wp\/v2\/media\/323"}],"wp:attachment":[{"href":"https:\/\/naturjalles.org\/index.php\/wp-json\/wp\/v2\/media?parent=322"}],"wp:term":[{"taxonomy":"category","embeddable":true,"href":"https:\/\/naturjalles.org\/index.php\/wp-json\/wp\/v2\/categories?post=322"},{"taxonomy":"post_tag","embeddable":true,"href":"https:\/\/naturjalles.org\/index.php\/wp-json\/wp\/v2\/tags?post=322"}],"curies":[{"name":"wp","href":"https:\/\/api.w.org\/{rel}","templated":true}]}}