{"id":319,"date":"2025-02-01T17:35:51","date_gmt":"2025-02-01T16:35:51","guid":{"rendered":"https:\/\/naturjalles.org\/?p=319"},"modified":"2025-03-18T11:03:48","modified_gmt":"2025-03-18T10:03:48","slug":"observation-des-grues-cendrees-14-12-2024","status":"publish","type":"post","link":"https:\/\/naturjalles.org\/index.php\/2025\/02\/01\/observation-des-grues-cendrees-14-12-2024\/","title":{"rendered":"Observation des grues cendr\u00e9es 14\/12\/2024"},"content":{"rendered":"\n<figure class=\"wp-block-image size-large\"><img loading=\"lazy\" decoding=\"async\" width=\"1024\" height=\"768\" src=\"https:\/\/naturjalles.org\/wp-content\/uploads\/2025\/03\/P1090634-1024x768.jpg\" alt=\"\" class=\"wp-image-342\" srcset=\"https:\/\/naturjalles.org\/wp-content\/uploads\/2025\/03\/P1090634-1024x768.jpg 1024w, https:\/\/naturjalles.org\/wp-content\/uploads\/2025\/03\/P1090634-300x225.jpg 300w, https:\/\/naturjalles.org\/wp-content\/uploads\/2025\/03\/P1090634-768x576.jpg 768w, https:\/\/naturjalles.org\/wp-content\/uploads\/2025\/03\/P1090634-1536x1152.jpg 1536w, https:\/\/naturjalles.org\/wp-content\/uploads\/2025\/03\/P1090634-2048x1536.jpg 2048w\" sizes=\"auto, (max-width: 1024px) 100vw, 1024px\" \/><\/figure>\n\n\n\n<p>\n\nQuelle chance, notre r\u00e9gion accueille en hiver des dizaines de milliers de grues cendr\u00e9es: allons-les observer sur leur site de nourrissage et \u00e0 leur retour au dortoir!<\/p>\n\n\n\n<p>Tout le monde conna\u00eet la grue cendr\u00e9e, ses vols en V et ses cris trompettants qui nous \u00e9meuvent tant!<\/p>\n\n\n\n<p>Cette sortie sera l&rsquo;occasion d&rsquo;en apprendre plus sur le plus grand \u00e9chassier d&rsquo;Europe, migrateur aux capacit\u00e9s de vol remarquables \u2026<\/p>\n\n\n\n<p>Observation post\u00e9e pr\u00e8s des champs de ma\u00efs et le long de la r\u00e9serve de l&rsquo;\u00e9tang de Cousseau.<\/p>\n\n\n\n<p><strong>Informations pratiques:<\/strong><\/p>\n\n\n\n<p>La grue a \u00e9t\u00e9 chass\u00e9e depuis la nuit des temps. Malgr\u00e9 son statut de protection, &nbsp;elle reste tr\u00e8s craintive. Il faudra nous montrer <strong>tr\u00e8s discrets dans notre comportement et notre habillement (choisir des couleurs neutres: gris, marron, vert bouteille). Les consignes donn\u00e9es par les encadrants devront \u00eatre respect\u00e9es strictement tout particuli\u00e8rement par nos amis les photographes : positionnement derri\u00e8re les haies, absence de mouvement\u2026 &nbsp;<\/strong><\/p>\n\n\n\n<p>Les jumelles sont <strong>indispensables<\/strong>. Deux longues vues seront \u00e0 disposition.<\/p>\n\n\n\n<p>Pr\u00e9voir des <strong>chaussures confortables (<\/strong> une heure de marche aller\/retour dans des terrains sableux) , un thermos et un en-cas, des v\u00eatements adapt\u00e9s \u00e0 la m\u00e9t\u00e9o<\/p>\n\n\n\n<p>Lieu et heure de rendez-vous pour le covoiturage: <a href=\"https:\/\/www.google.fr\/maps\/place\/Bricomarch%C3%A9+Saint+M%C3%A9dard+en+Jalles\/@44.9028764,-0.7506291,17z\/data=!3m2!4b1!5s0xd54d1dddf12a92f:0x5487e146761ab632!4m5!3m4!1s0xd54d1dde7c7df73:0xa2c23d5fd2364990!8m2!3d44.9028726!4d-0.7484351\">parking Bricomarch\u00e9, route de Lacanau Saint-M\u00e9dard en Jalles \u00e0 &nbsp;Saint-M\u00e9dard-en-Jalles<\/a> &nbsp;( au fond du parking) <strong>\u00e0 12H<\/strong><\/p>\n","protected":false},"excerpt":{"rendered":"<p>Quelle chance, notre r\u00e9gion accueille en hiver des dizaines de milliers de grues cendr\u00e9es: allons-les observer sur leur site de nourrissage et \u00e0 leur retour au dortoir! Tout le monde conna\u00eet la grue cendr\u00e9e, ses vols en V et ses cris trompettants qui nous \u00e9meuvent tant! Cette sortie sera l&rsquo;occasion d&rsquo;en apprendre plus sur le [&hellip;]<\/p>\n","protected":false},"author":1,"featured_media":320,"comment_status":"closed","ping_status":"closed","sticky":false,"template":"","format":"standard","meta":{"_monsterinsights_skip_tracking":false,"_monsterinsights_sitenote_active":false,"_monsterinsights_sitenote_note":"","_monsterinsights_sitenote_category":0,"footnotes":""},"categories":[1],"tags":[],"class_list":["post-319","post","type-post","status-publish","format-standard","has-post-thumbnail","hentry","category-non-classe"],"_links":{"self":[{"href":"https:\/\/naturjalles.org\/index.php\/wp-json\/wp\/v2\/posts\/319","targetHints":{"allow":["GET"]}}],"collection":[{"href":"https:\/\/naturjalles.org\/index.php\/wp-json\/wp\/v2\/posts"}],"about":[{"href":"https:\/\/naturjalles.org\/index.php\/wp-json\/wp\/v2\/types\/post"}],"author":[{"embeddable":true,"href":"https:\/\/naturjalles.org\/index.php\/wp-json\/wp\/v2\/users\/1"}],"replies":[{"embeddable":true,"href":"https:\/\/naturjalles.org\/index.php\/wp-json\/wp\/v2\/comments?post=319"}],"version-history":[{"count":2,"href":"https:\/\/naturjalles.org\/index.php\/wp-json\/wp\/v2\/posts\/319\/revisions"}],"predecessor-version":[{"id":345,"href":"https:\/\/naturjalles.org\/index.php\/wp-json\/wp\/v2\/posts\/319\/revisions\/345"}],"wp:featuredmedia":[{"embeddable":true,"href":"https:\/\/naturjalles.org\/index.php\/wp-json\/wp\/v2\/media\/320"}],"wp:attachment":[{"href":"https:\/\/naturjalles.org\/index.php\/wp-json\/wp\/v2\/media?parent=319"}],"wp:term":[{"taxonomy":"category","embeddable":true,"href":"https:\/\/naturjalles.org\/index.php\/wp-json\/wp\/v2\/categories?post=319"},{"taxonomy":"post_tag","embeddable":true,"href":"https:\/\/naturjalles.org\/index.php\/wp-json\/wp\/v2\/tags?post=319"}],"curies":[{"name":"wp","href":"https:\/\/api.w.org\/{rel}","templated":true}]}}