{"id":314,"date":"2025-02-01T17:28:00","date_gmt":"2025-02-01T16:28:00","guid":{"rendered":"https:\/\/naturjalles.org\/?p=314"},"modified":"2025-03-18T11:02:41","modified_gmt":"2025-03-18T10:02:41","slug":"foret-de-canejan-29-09-2024","status":"publish","type":"post","link":"https:\/\/naturjalles.org\/index.php\/2025\/02\/01\/foret-de-canejan-29-09-2024\/","title":{"rendered":"For\u00eat de Canejan  29\/09\/2024"},"content":{"rendered":"\n<h1 class=\"wp-block-heading\">sortie foresti\u00e8re d&rsquo;automne<\/h1>\n\n\n\n<p><a href=\"mailto:?subject=%F0%9F%97%93%EF%B8%8F%20Inscrivez-vous%20d%C3%A8s%20maintenant%20pour%20l%E2%80%99%C3%A9v%C3%A9nement%2029\/09\/2024%20sortie%20foresti%C3%A8re%20d%27automne%20sur%20HelloAsso&amp;body=https:\/\/www.helloasso.com\/associations\/naturjalles\/evenements\/29-09-2024-sortie-forestiere-d-automne\"><\/a><\/p>\n\n\n<div class=\"wp-block-image\">\n<figure class=\"aligncenter size-medium is-resized\"><img loading=\"lazy\" decoding=\"async\" width=\"225\" height=\"300\" src=\"https:\/\/naturjalles.org\/wp-content\/uploads\/2025\/03\/20240929_123435-225x300.jpg\" alt=\"\" class=\"wp-image-343\" style=\"width:390px;height:520px\" srcset=\"https:\/\/naturjalles.org\/wp-content\/uploads\/2025\/03\/20240929_123435-225x300.jpg 225w, https:\/\/naturjalles.org\/wp-content\/uploads\/2025\/03\/20240929_123435-768x1024.jpg 768w, https:\/\/naturjalles.org\/wp-content\/uploads\/2025\/03\/20240929_123435-1152x1536.jpg 1152w, https:\/\/naturjalles.org\/wp-content\/uploads\/2025\/03\/20240929_123435-1536x2048.jpg 1536w, https:\/\/naturjalles.org\/wp-content\/uploads\/2025\/03\/20240929_123435-scaled.jpg 1920w\" sizes=\"auto, (max-width: 225px) 100vw, 225px\" \/><\/figure>\n<\/div>\n\n\n<p>&nbsp;A partir de 11h30Avec notre guide expert, venez \u00e0 la rencontre de la for\u00eat de Can\u00e9jean, riche d&rsquo;une grande vari\u00e9t\u00e9 de milieux, pour d\u00e9couvrir son histoire, identifier nos amis les arbres dans la splendeur de leur feuillage automnal et \u00e9prouver par vos sens leur pouvoir.<\/p>\n\n\n\n<p>La for\u00eat de Can\u00e9jan est une fraction de l\u2019ancienne for\u00eat de Bordeaux \u00e0 l\u2019\u00e9poque gallo-romaine.&nbsp;<\/p>\n\n\n\n<p>Elle est travers\u00e9e par la <strong>rivi\u00e8re Eau-Bourde<\/strong> aliment\u00e9e par de nombreux ruisseaux venus du plateau landais ce qui a permis un essor rural concr\u00e9tis\u00e9 au XIIIe si\u00e8cle par l\u2019activit\u00e9 de nombreux moulins.<\/p>\n\n\n\n<p>La diversit\u00e9 de milieux&nbsp;est remarquable: ch\u00eanaie charm\u00e9e, pignadars de pins maritimes ou de pins \u00e0 l\u2019encens, parcelles \u00e0 haute valeur patrimoniales en b\u00e9tulaie ou aulnaie\u2026<\/p>\n\n\n\n<p>Avec notre <strong>guide expert, Jean-Fran\u00e7ois LARCHE,<\/strong> nous irons \u00e0 la d\u00e9couverte de la for\u00eat dans sa dimension g\u00e9ologique, historique, \u00e9cologique, symbolique et sensuelle\u2026<\/p>\n\n\n\n<p>Informations pratiques:<\/p>\n\n\n\n<p><strong>Rendez-vous \u00e0 11h30 sur le parc de stationnement du Centre Simone Signoret, chemin du Cassiot &nbsp;\u00e0 CANEJAN ( un covoiturage sera propos\u00e9e .)<\/strong><\/p>\n\n\n\n<p><strong>Apportez votre pique-nique.&nbsp;<\/strong><\/p>\n\n\n\n<p><strong>Pr\u00e9voyez des chaussures confortables et de l&rsquo;anti-moustique.<\/strong><\/p>\n\n\n\n<p>A bient\u00f4t!<\/p>\n\n\n\n<p>Martine Leblond<\/p>\n","protected":false},"excerpt":{"rendered":"<p>sortie foresti\u00e8re d&rsquo;automne &nbsp;A partir de 11h30Avec notre guide expert, venez \u00e0 la rencontre de la for\u00eat de Can\u00e9jean, riche d&rsquo;une grande vari\u00e9t\u00e9 de milieux, pour d\u00e9couvrir son histoire, identifier nos amis les arbres dans la splendeur de leur feuillage automnal et \u00e9prouver par vos sens leur pouvoir. La for\u00eat de Can\u00e9jan est une fraction [&hellip;]<\/p>\n","protected":false},"author":1,"featured_media":316,"comment_status":"closed","ping_status":"closed","sticky":false,"template":"","format":"standard","meta":{"_monsterinsights_skip_tracking":false,"_monsterinsights_sitenote_active":false,"_monsterinsights_sitenote_note":"","_monsterinsights_sitenote_category":0,"footnotes":""},"categories":[1],"tags":[],"class_list":["post-314","post","type-post","status-publish","format-standard","has-post-thumbnail","hentry","category-non-classe"],"_links":{"self":[{"href":"https:\/\/naturjalles.org\/index.php\/wp-json\/wp\/v2\/posts\/314","targetHints":{"allow":["GET"]}}],"collection":[{"href":"https:\/\/naturjalles.org\/index.php\/wp-json\/wp\/v2\/posts"}],"about":[{"href":"https:\/\/naturjalles.org\/index.php\/wp-json\/wp\/v2\/types\/post"}],"author":[{"embeddable":true,"href":"https:\/\/naturjalles.org\/index.php\/wp-json\/wp\/v2\/users\/1"}],"replies":[{"embeddable":true,"href":"https:\/\/naturjalles.org\/index.php\/wp-json\/wp\/v2\/comments?post=314"}],"version-history":[{"count":4,"href":"https:\/\/naturjalles.org\/index.php\/wp-json\/wp\/v2\/posts\/314\/revisions"}],"predecessor-version":[{"id":344,"href":"https:\/\/naturjalles.org\/index.php\/wp-json\/wp\/v2\/posts\/314\/revisions\/344"}],"wp:featuredmedia":[{"embeddable":true,"href":"https:\/\/naturjalles.org\/index.php\/wp-json\/wp\/v2\/media\/316"}],"wp:attachment":[{"href":"https:\/\/naturjalles.org\/index.php\/wp-json\/wp\/v2\/media?parent=314"}],"wp:term":[{"taxonomy":"category","embeddable":true,"href":"https:\/\/naturjalles.org\/index.php\/wp-json\/wp\/v2\/categories?post=314"},{"taxonomy":"post_tag","embeddable":true,"href":"https:\/\/naturjalles.org\/index.php\/wp-json\/wp\/v2\/tags?post=314"}],"curies":[{"name":"wp","href":"https:\/\/api.w.org\/{rel}","templated":true}]}}